{"id":21910,"date":"2026-03-30T18:11:02","date_gmt":"2026-03-30T16:11:02","guid":{"rendered":"https:\/\/hedman.legal\/?post_type=articles_posttype&#038;p=21910"},"modified":"2026-03-30T18:19:30","modified_gmt":"2026-03-30T16:19:30","slug":"nousolekuta-deepfake-on-kuritegu-euroopa-seab-tahtajaks-2027","status":"publish","type":"articles_posttype","link":"https:\/\/hedman.legal\/et\/artiklid\/nousolekuta-deepfake-on-kuritegu-euroopa-seab-tahtajaks-2027\/","title":{"rendered":"N\u00f5usolekuta deepfake on kuritegu: Euroopa seab t\u00e4htajaks 2027"},"content":{"rendered":"<div id=\"ez-toc-container\" class=\"ez-toc-v2_0_76 counter-hierarchy ez-toc-counter ez-toc-grey ez-toc-container-direction\">\n<div class=\"ez-toc-title-container\">\n<p class=\"ez-toc-title\" style=\"cursor:inherit\">Sisukord<\/p>\n<span class=\"ez-toc-title-toggle\"><\/span><\/div>\n<nav><ul class='ez-toc-list ez-toc-list-level-1 ' ><li class='ez-toc-page-1 ez-toc-heading-level-2'><a class=\"ez-toc-link ez-toc-heading-1\" href=\"https:\/\/hedman.legal\/et\/artiklid\/nousolekuta-deepfake-on-kuritegu-euroopa-seab-tahtajaks-2027\/#Eesti_seadused_pakuvad_kaitset_kuid_kas_sellest_piisab\" >Eesti seadused pakuvad kaitset, kuid kas sellest piisab?<\/a><\/li><li class='ez-toc-page-1 ez-toc-heading-level-2'><a class=\"ez-toc-link ez-toc-heading-2\" href=\"https:\/\/hedman.legal\/et\/artiklid\/nousolekuta-deepfake-on-kuritegu-euroopa-seab-tahtajaks-2027\/#Runnaku_all_on_peamiselt_naised_ja_lapsed\" >R\u00fcnnaku all on peamiselt naised ja lapsed<\/a><\/li><li class='ez-toc-page-1 ez-toc-heading-level-2'><a class=\"ez-toc-link ez-toc-heading-3\" href=\"https:\/\/hedman.legal\/et\/artiklid\/nousolekuta-deepfake-on-kuritegu-euroopa-seab-tahtajaks-2027\/#Mis_saab_enne_aastat_2027\" >Mis saab enne aastat 2027?<\/a><\/li><\/ul><\/nav><\/div>\n\n<figure class=\"wp-block-image size-large\"><img decoding=\"async\" width=\"1024\" height=\"724\" src=\"https:\/\/hedman.legal\/wp-content\/uploads\/2026\/03\/Deepfake-karistused_Hanne-Loore-Mool-Hedman-1024x724.png\" alt=\"\" class=\"wp-image-21913\" srcset=\"https:\/\/hedman.legal\/wp-content\/uploads\/2026\/03\/Deepfake-karistused_Hanne-Loore-Mool-Hedman-1024x724.png 1024w, https:\/\/hedman.legal\/wp-content\/uploads\/2026\/03\/Deepfake-karistused_Hanne-Loore-Mool-Hedman-300x212.png 300w, https:\/\/hedman.legal\/wp-content\/uploads\/2026\/03\/Deepfake-karistused_Hanne-Loore-Mool-Hedman-768x543.png 768w, https:\/\/hedman.legal\/wp-content\/uploads\/2026\/03\/Deepfake-karistused_Hanne-Loore-Mool-Hedman-1536x1086.png 1536w, https:\/\/hedman.legal\/wp-content\/uploads\/2026\/03\/Deepfake-karistused_Hanne-Loore-Mool-Hedman-2048x1448.png 2048w, https:\/\/hedman.legal\/wp-content\/uploads\/2026\/03\/Deepfake-karistused_Hanne-Loore-Mool-Hedman.png 1600w\" sizes=\"(max-width: 1024px) 100vw, 1024px\" \/><figcaption class=\"wp-element-caption\"><a href=\"https:\/\/hedman.legal\/et\/inimesed\/hanne-loore-mool\/\">Hanne-Loore M\u00f6\u00f6l,<\/a> vandeadvokaat<\/figcaption><\/figure>\n\n\n\n<p>Tehisintellektiga loodud libavideod ehk&nbsp;<em>deepfake<\/em>\u2019id v\u00f5ivad h\u00e4vitada inimese maine hetkega. Kuigi&nbsp;Euroopa&nbsp;Liit n\u00f5uab karmimaid karistusi, j\u00f5uab reaalne kaitse Eestisse alles aastate p\u00e4rast. Mis saab ohvritest seni?<\/p>\n\n\n\n<p>Tehisintellekt on viimastel aastatel arenenud enneolematul kiirusel. K\u00f5ige n\u00e4htavamaks n\u00e4iteks on saanud&nbsp;<em>deepfake<\/em>\u2019id \u2013 \u00fclirealistlikud s\u00fcnteetilised pildid, videod ja helid. Nende loomiseks piisab vaid olemasolevast avalikust andmestikust:&nbsp;sotsiaalmeediasse&nbsp;riputatud fotost, l\u00fchikesest intervjuul\u00f5igust v\u00f5i isegi \u00e4riregistris leiduvast infost. <\/p>\n\n\n\n<p>Kui algselt n\u00e4hti selles tehnoloogias meelelahutuslikku eksperimenti, siis t\u00e4naseks on tehnoloogia j\u00f5udnud tasemele, kus p\u00e4ris- ja v\u00f5ltsmaterjali on pea v\u00f5imatu eristada.<\/p>\n\n\n\n<p><em>Deepfake<\/em>&nbsp;annab pahatahtlikele isikutele t\u00f6\u00f6riista panna inimene \u00fctlema v\u00f5i tegema midagi, mida ta tegelikult pole teinud. Tagaj\u00e4rjeks v\u00f5ib olla maine kahjustamine, inimese alandavasse olukorda asetamine v\u00f5i isegi v\u00e4ljapressimine. Seet\u00f5ttu on \u00f5igustatud k\u00fcsimus: kas seadus suudab meid sellise kuritarvituse eest kaitsta?<\/p>\n\n\n\n<h2 class=\"wp-block-heading\"><span class=\"ez-toc-section\" id=\"Eesti_seadused_pakuvad_kaitset_kuid_kas_sellest_piisab\"><\/span>Eesti seadused pakuvad kaitset, kuid kas sellest piisab?<span class=\"ez-toc-section-end\"><\/span><\/h2>\n\n\n\n<p>Eesti \u00f5igusruumis on loodud mitmetasandiline kaitse. Juba ainu\u00fcksi maine kahjustamine&nbsp;<em>deepfake<\/em>\u2019i abil v\u00f5ib kaasa tuua tsiviil\u00f5igusliku vastutuse. Tsiviilseadustik (<a href=\"https:\/\/www.riigiteataja.ee\/akt\/106072023098\" target=\"_blank\" rel=\"noopener\">Ts\u00dcS<\/a> \u00a7 1046 ja 1047) s\u00e4testab selgelt, et isiku au ja v\u00e4\u00e4rikuse teotamine, tema nime v\u00f5i kujutise loata kasutamine ning eba\u00f5igete andmete avaldamine on \u00f5igusvastane. Ohvril on \u00f5igus n\u00f5uda valeinfo \u00fcmberl\u00fckkamist, paranduse avaldamist ja h\u00fcvitist.<\/p>\n\n\n\n<p>Samm edasi on karistus\u00f5iguslik kaitse. Karistusseadustik (<a href=\"https:\/\/www.riigiteataja.ee\/akt\/105072025009\" target=\"_blank\" rel=\"noopener\">KarS<\/a> \u00a7 157\u00b9 ja 157\u00b2) <strong>keelab<\/strong> eriliiki isikuandmete (n\u00e4iteks terviseandmete) loata avaldamise ning identiteedi ebaseadusliku kasutamise. Kui kellegi andmete p\u00f5hjal luuakse vale ettekujutus &#8211; justkui ta oleks midagi teinud -, v\u00f5ib sellele j\u00e4rgneda rahatrahv v\u00f5i lausa kuni kolmeaastane vangistus.<\/p>\n\n\n\n<p>Euroopa Liidu andmekaitse \u00fcldm\u00e4\u00e4rus (GDPR) toetab seda raamistikku, k\u00e4sitledes h\u00e4\u00e4lt ja pilti isikuandmetena, mille t\u00f6\u00f6tlemine ilma \u00f5igusliku aluseta on keelatud. \u00dchtlasi astub sammu edasi 2024. aastal vastu v\u00f5etud EL-i tehisintellekti m\u00e4\u00e4rus (AI Act), mis kohustab platvorme ja arendajaid m\u00e4rgistama s\u00fcnteetilist sisu. See v\u00e4hendab riski, et inimesed peavad moonutatud materjali t\u00f5eliseks.<\/p>\n\n\n\n<h2 class=\"wp-block-heading\"><span class=\"ez-toc-section\" id=\"Runnaku_all_on_peamiselt_naised_ja_lapsed\"><\/span>R\u00fcnnaku all on peamiselt naised ja lapsed<span class=\"ez-toc-section-end\"><\/span><\/h2>\n\n\n\n<p>Numbrid maalivad s\u00fcnge pildi: enam kui 90%&nbsp;pornograafilistest&nbsp;<em>deepfake<\/em>\u2019idest kujutab naisi. Need luuakse enamasti ilma n\u00f5usolekuta ning sageli langevad ohvriks alaealised. N\u00e4iteks Hispaanias loodi rakenduse abil v\u00f5ltsitud alastipildid 20 alaealisest t\u00fcdrukust, kellest noorim oli vaid 11-aastane.<\/p>\n\n\n\n<p>Ka Eestis on spetsialistid juhtinud t\u00e4helepanu, et&nbsp;<em>deepfake<\/em>\u2019i abil tehtavad identiteedipettused jagunevad laias laastus kaheks: rahaline kasu (n\u00e4iteks kellegi nimel laenu v\u00f5tmine) v\u00f5i isiklik k\u00e4ttemaks (n\u00e4iteks suhte purunemisel). Tegemist pole enam tehnilise eksperimendi, vaid t\u00f5sise r\u00fcndeviisiga, mis rikub inimeste \u00f5igusi ja elusid.<\/p>\n\n\n\n<figure class=\"wp-block-image size-full\"><img decoding=\"async\" width=\"800\" height=\"533\" src=\"https:\/\/hedman.legal\/wp-content\/uploads\/2026\/03\/Mida-toob-kaasa-uus-euroopa-direktiiv_deepfake.png\" alt=\"\" class=\"wp-image-21911\" srcset=\"https:\/\/hedman.legal\/wp-content\/uploads\/2026\/03\/Mida-toob-kaasa-uus-euroopa-direktiiv_deepfake.png 800w, https:\/\/hedman.legal\/wp-content\/uploads\/2026\/03\/Mida-toob-kaasa-uus-euroopa-direktiiv_deepfake-300x200.png 300w, https:\/\/hedman.legal\/wp-content\/uploads\/2026\/03\/Mida-toob-kaasa-uus-euroopa-direktiiv_deepfake-768x512.png 768w\" sizes=\"(max-width: 800px) 100vw, 800px\" \/><\/figure>\n\n\n\n<h2 class=\"wp-block-heading\"><span class=\"ez-toc-section\" id=\"Mis_saab_enne_aastat_2027\"><\/span>Mis saab enne aastat 2027?<span class=\"ez-toc-section-end\"><\/span><\/h2>\n\n\n\n<p>P\u00f5letav k\u00fcsimus peitub ajakavas. Eesti peab direktiivi \u00fclev\u00f5tmiseks muutma oma seadusi, kuid see v\u00f5tab aega. \u00dclev\u00f5tmisanal\u00fc\u00fcsid tehakse 2025. aastal ja seaduseeln\u00f5ud valmivad alles 2026. aastal. See t\u00e4hendab, et ohvrid seisavad veel aastaid silmitsi k\u00fcberv\u00e4givallaga, mille puhul s\u00fcsteem pakub v\u00e4he v\u00f5i \u00fcldse mitte kaitset.<\/p>\n\n\n\n<p>Just sellele on t\u00e4helepanu juhtinud ka kodaniku\u00fchendused. MT\u00dc M\u00e4rka, Hooli ja Aita on r\u00f5hutanud, et t\u00e4iskasvanute k\u00fcberkiusamine on Eestis t\u00e4na sisuliselt reguleerimata. Politsei reageerib sageli vaid siis, kui oht elule v\u00f5i f\u00fc\u00fcsilisele tervisele on juba k\u00e4ega katsutav. Seni aga levivad sotsiaalmeedias laim, soovimatud salvestised ja \u00e4hvardused, mille tagaj\u00e4rjed on ohvri jaoks laastavad.<\/p>\n\n\n\n<p>Kuigi tehnoloogia areneb kiiremini kui seadus, ei ole inimesed p\u00e4riselt kaitseta \u2013 Eestis saab juba praegu tugineda tsiviil- ja karistus\u00f5igusele ning EL-i andmekaitse- ja tehisintellekti regulatsioonidele. Kuid praktikas on t\u00e4iskasvanute k\u00fcberkiusamise ohvrid j\u00e4\u00e4nud sageli \u00fcksi, ilma kiire ja toimiva abita. <\/p>\n\n\n\n<p>Seet\u00f5ttu on oluline, et lisaks direktiivi \u00fclev\u00f5tmisele tegeletaks juba t\u00e4na ennetuse, tugis\u00fcsteemide ja teadlikkuse kasvatamisega.&nbsp;<em>Deepfake<\/em>\u2019i ja muude k\u00fcberv\u00e4givalla vormide oht ei kao, kuid \u00f5igus ja tehnoloogia saavad koos t\u00f6\u00f6tada ainult siis, kui riiklikud institutsioonid ja \u00fchiskond v\u00f5tavad vastutuse kohe, mitte alles 2027. aastal.<\/p>\n\n\n\n<hr class=\"wp-block-separator has-alpha-channel-opacity\"\/>\n\n\n\n<p>Loe artiklit ka <a href=\"https:\/\/arileht.delfi.ee\/artikkel\/120442389\/sinu-naoga-voetakse-laenu-ja-havitatakse-maine-kuid-karmim-karistus-ootab-pettureid-alles-2027-aastal\" data-type=\"link\" data-id=\"https:\/\/arileht.delfi.ee\/artikkel\/120442389\/sinu-naoga-voetakse-laenu-ja-havitatakse-maine-kuid-karmim-karistus-ootab-pettureid-alles-2027-aastal\" target=\"_blank\" rel=\"noopener\">\u00c4rilehes<\/a>.<\/p>\n\n\n\n<p><\/p>\n","protected":false},"featured_media":21915,"template":"","article_categories":[],"class_list":["post-21910","articles_posttype","type-articles_posttype","status-publish","has-post-thumbnail","hentry"],"acf":[],"_links":{"self":[{"href":"https:\/\/hedman.legal\/et\/wp-json\/wp\/v2\/articles_posttype\/21910","targetHints":{"allow":["GET"]}}],"collection":[{"href":"https:\/\/hedman.legal\/et\/wp-json\/wp\/v2\/articles_posttype"}],"about":[{"href":"https:\/\/hedman.legal\/et\/wp-json\/wp\/v2\/types\/articles_posttype"}],"wp:featuredmedia":[{"embeddable":true,"href":"https:\/\/hedman.legal\/et\/wp-json\/wp\/v2\/media\/21915"}],"wp:attachment":[{"href":"https:\/\/hedman.legal\/et\/wp-json\/wp\/v2\/media?parent=21910"}],"wp:term":[{"taxonomy":"article_categories","embeddable":true,"href":"https:\/\/hedman.legal\/et\/wp-json\/wp\/v2\/article_categories?post=21910"}],"curies":[{"name":"wp","href":"https:\/\/api.w.org\/{rel}","templated":true}]}}